{"id":87537,"date":"2021-08-03T13:51:17","date_gmt":"2021-08-03T13:51:17","guid":{"rendered":"https:\/\/claydondrill.com\/?post_type=news&#038;p=87537"},"modified":"2021-08-03T14:14:19","modified_gmt":"2021-08-03T14:14:19","slug":"un-nouveau-responsable-pour-la-france","status":"publish","type":"news","link":"https:\/\/claydondrill.com\/fr\/news\/un-nouveau-responsable-pour-la-france\/","title":{"rendered":"Un nouveau responsable pour la France"},"content":{"rendered":"<figure id=\"attachment_87538\" aria-describedby=\"caption-attachment-87538\" style=\"width: 640px\" class=\"wp-caption alignleft\"><img loading=\"lazy\" decoding=\"async\" class=\"wp-image-87538 size-large\" src=\"https:\/\/claydondrill.com\/wp-content\/uploads\/2021\/08\/Victor-Havet-3-4-1024x732.jpg\" alt=\"\" width=\"640\" height=\"458\" srcset=\"https:\/\/claydondrill.com\/wp-content\/uploads\/2021\/08\/Victor-Havet-3-4-1024x732.jpg 1024w, https:\/\/claydondrill.com\/wp-content\/uploads\/2021\/08\/Victor-Havet-3-4-300x214.jpg 300w, https:\/\/claydondrill.com\/wp-content\/uploads\/2021\/08\/Victor-Havet-3-4-768x549.jpg 768w, https:\/\/claydondrill.com\/wp-content\/uploads\/2021\/08\/Victor-Havet-3-4-1536x1098.jpg 1536w, https:\/\/claydondrill.com\/wp-content\/uploads\/2021\/08\/Victor-Havet-3-4-600x429.jpg 600w, https:\/\/claydondrill.com\/wp-content\/uploads\/2021\/08\/Victor-Havet-3-4.jpg 1920w\" sizes=\"auto, (max-width: 640px) 100vw, 640px\" \/><figcaption id=\"caption-attachment-87538\" class=\"wp-caption-text\">Victor Havet<\/figcaption><\/figure>\n<p><strong>Un nouveau responsable pour la France<\/strong><strong>\u00a0<\/strong><strong>\u00a0<\/strong><strong>\u00a0<\/strong><\/p>\n<p>Claydon renforce son \u00e9quipe avec la nomination de Victor Havet comme Responsable (<em>territory manager<\/em>) pour la France.<\/p>\n<p>Victor a rejoint Claydon le 4 janvier 2021 et travaillera en \u00e9troite collaboration avec Simon Revell, directeur export de Claydon, au sein de l\u2019\u00e9quipe commerciale dirig\u00e9e par Spencer Claydon. \u00ab\u00a0Je suis ravi d\u2019int\u00e9grer Claydon aujourd\u2019hui car le syst\u00e8me Opti-Till\u00ae de la soci\u00e9t\u00e9 apporte une solution \u00e0 un grand nombre des probl\u00e8mes-cl\u00e9s auxquels les agriculteurs sont actuellement confront\u00e9s. Claydon est une entreprise familiale innovante dont les membres, eux-m\u00eames agriculteurs, savent comment produire continuellement de bonnes r\u00e9coltes \u00e0 haut rendement et \u00e0 faible co\u00fbt. Le syst\u00e8me Claydon permet d\u2019optimiser la rentabilit\u00e9 tout en pr\u00e9servant la sant\u00e9 des sols, la biodiversit\u00e9 et la gestion de l\u2019eau \u00bb, d\u00e9clare Victor.<\/p>\n<p>Issu d\u2019une famille du monde rural depuis plusieurs g\u00e9n\u00e9rations, Victor, qui a grandi sur une ferme, est bien d\u00e9cid\u00e9 \u00e0 faire carri\u00e8re dans ce secteur.\u00a0 Il a d\u2019abord obtenu un DUT en gestion logistique en 2012. Apr\u00e8s trois ans \u00e0 l\u2019\u00e9cole de management IFAG \u00e0 Montlu\u00e7on, il en repart en 2015 avec un master en commerce et gestion. Durant ces trois ann\u00e9es, il travaille \u00e9galement dans l\u2019industrie a\u00e9ronautique au service des achats.<\/p>\n<p>Une fois son dipl\u00f4me en main, Victor souhaite travailler avec les agriculteurs sur le terrain et rejoint CLOU\u00c9 SA, un grand concessionnaire de machines agricoles dans le centre de la France, o\u00f9 il est responsable de la vente de nombreuses marques, y compris des tracteurs, du mat\u00e9riel de r\u00e9colte Case IH et des semoirs.<\/p>\n<p>Trois ans plus tard, Victor entre chez JEUDY SAS, une entreprise familiale de n\u00e9gociants au Montet, au c\u0153ur de l\u2019Auvergne, o\u00f9 il contribue \u00e0 la cr\u00e9ation et au lancement de Boursagri.com, la premi\u00e8re place de march\u00e9 en ligne pour le commerce physique des c\u00e9r\u00e9ales.<\/p>\n<p>D\u00e9sireux de retrouver un poste de terrain dans le secteur du machinisme agricole et de retrouver un contact plus direct avec les agriculteurs, il rejoint Claydon en 2021. Victor dispose d\u2019une connaissance approfondie de l\u2019agriculture fran\u00e7aise et du secteur des machines agricoles. Il se r\u00e9jouit de travailler avec les concessionnaires et les clients de Claydon partout en France.<\/p>\n<p>D\u2019apr\u00e8s Simon Revell, directeur export de Claydon : \u00ab\u00a0Victor est un \u00e9l\u00e9ment-cl\u00e9 de l\u2019\u00e9quipe, et ses connaissances seront extr\u00eamement utiles pour sensibiliser les agriculteurs aux avantages du syst\u00e8me Claydon Opti-Till\u00ae en termes de temps\/hectare, de co\u00fbts, d\u2019\u00e9conomies de main-d\u2019\u0153uvre et de prise en compte de l\u2019environnement.\u00a0\u00bb<\/p>\n<p><strong>Victor Havet, responsable France pour Claydon, est joignable au 07 70 09 15 50 ou par courriel <\/strong><a href=\"mailto:Victor.Havet@claydondrill.com\"><strong>Victor.Havet@claydondrill.com<\/strong><\/a><strong> \u00a0<\/strong><\/p>\n","protected":false},"featured_media":87538,"template":"","class_list":["post-87537","news","type-news","status-publish","has-post-thumbnail","hentry"],"yoast_head":"<!-- This site is optimized with the Yoast SEO plugin v27.1.1 - https:\/\/yoast.com\/product\/yoast-seo-wordpress\/ -->\n<title>Un nouveau responsable pour la France - Claydon Drill Seed<\/title>\n<meta name=\"robots\" content=\"index, follow, max-snippet:-1, max-image-preview:large, max-video-preview:-1\" \/>\n<link rel=\"canonical\" href=\"https:\/\/claydondrill.com\/fr\/news\/un-nouveau-responsable-pour-la-france\/\" \/>\n<meta property=\"og:locale\" content=\"fr_FR\" \/>\n<meta property=\"og:type\" content=\"article\" \/>\n<meta property=\"og:title\" content=\"Un nouveau responsable pour la France - Claydon Drill Seed\" \/>\n<meta property=\"og:description\" content=\"Un nouveau responsable pour la France\u00a0\u00a0\u00a0 Claydon renforce son \u00e9quipe avec la nomination de Victor Havet comme Responsable (territory manager)\" \/>\n<meta property=\"og:url\" content=\"https:\/\/claydondrill.com\/fr\/news\/un-nouveau-responsable-pour-la-france\/\" \/>\n<meta property=\"og:site_name\" content=\"Claydon Drill Seed\" \/>\n<meta property=\"article:modified_time\" content=\"2021-08-03T14:14:19+00:00\" \/>\n<meta property=\"og:image\" content=\"https:\/\/claydondrill.com\/wp-content\/uploads\/2021\/08\/Victor-Havet-3-4.jpg\" \/>\n\t<meta property=\"og:image:width\" content=\"1920\" \/>\n\t<meta property=\"og:image:height\" content=\"1372\" \/>\n\t<meta property=\"og:image:type\" content=\"image\/jpeg\" \/>\n<meta name=\"twitter:card\" content=\"summary_large_image\" \/>\n<meta name=\"twitter:label1\" content=\"Dur\u00e9e de lecture estim\u00e9e\" \/>\n\t<meta name=\"twitter:data1\" content=\"3 minutes\" \/>\n<script type=\"application\/ld+json\" class=\"yoast-schema-graph\">{\"@context\":\"https:\/\/schema.org\",\"@graph\":[{\"@type\":\"WebPage\",\"@id\":\"https:\/\/claydondrill.com\/fr\/news\/un-nouveau-responsable-pour-la-france\/\",\"url\":\"https:\/\/claydondrill.com\/fr\/news\/un-nouveau-responsable-pour-la-france\/\",\"name\":\"Un nouveau responsable pour la France - Claydon Drill Seed\",\"isPartOf\":{\"@id\":\"https:\/\/claydondrill.com\/fr\/#website\"},\"primaryImageOfPage\":{\"@id\":\"https:\/\/claydondrill.com\/fr\/news\/un-nouveau-responsable-pour-la-france\/#primaryimage\"},\"image\":{\"@id\":\"https:\/\/claydondrill.com\/fr\/news\/un-nouveau-responsable-pour-la-france\/#primaryimage\"},\"thumbnailUrl\":\"https:\/\/claydondrill.com\/wp-content\/uploads\/2021\/08\/Victor-Havet-3-4.jpg\",\"datePublished\":\"2021-08-03T13:51:17+00:00\",\"dateModified\":\"2021-08-03T14:14:19+00:00\",\"breadcrumb\":{\"@id\":\"https:\/\/claydondrill.com\/fr\/news\/un-nouveau-responsable-pour-la-france\/#breadcrumb\"},\"inLanguage\":\"fr-FR\",\"potentialAction\":[{\"@type\":\"ReadAction\",\"target\":[\"https:\/\/claydondrill.com\/fr\/news\/un-nouveau-responsable-pour-la-france\/\"]}]},{\"@type\":\"ImageObject\",\"inLanguage\":\"fr-FR\",\"@id\":\"https:\/\/claydondrill.com\/fr\/news\/un-nouveau-responsable-pour-la-france\/#primaryimage\",\"url\":\"https:\/\/claydondrill.com\/wp-content\/uploads\/2021\/08\/Victor-Havet-3-4.jpg\",\"contentUrl\":\"https:\/\/claydondrill.com\/wp-content\/uploads\/2021\/08\/Victor-Havet-3-4.jpg\",\"width\":1920,\"height\":1372},{\"@type\":\"BreadcrumbList\",\"@id\":\"https:\/\/claydondrill.com\/fr\/news\/un-nouveau-responsable-pour-la-france\/#breadcrumb\",\"itemListElement\":[{\"@type\":\"ListItem\",\"position\":1,\"name\":\"Home\",\"item\":\"https:\/\/claydondrill.com\/fr\/\"},{\"@type\":\"ListItem\",\"position\":2,\"name\":\"Actualit\u00e9s\",\"item\":\"https:\/\/claydondrill.com\/fr\/actualites\/\"},{\"@type\":\"ListItem\",\"position\":3,\"name\":\"Un nouveau responsable pour la France\"}]},{\"@type\":\"WebSite\",\"@id\":\"https:\/\/claydondrill.com\/fr\/#website\",\"url\":\"https:\/\/claydondrill.com\/fr\/\",\"name\":\"Claydon Drill Seed\",\"description\":\"\",\"potentialAction\":[{\"@type\":\"SearchAction\",\"target\":{\"@type\":\"EntryPoint\",\"urlTemplate\":\"https:\/\/claydondrill.com\/fr\/?s={search_term_string}\"},\"query-input\":{\"@type\":\"PropertyValueSpecification\",\"valueRequired\":true,\"valueName\":\"search_term_string\"}}],\"inLanguage\":\"fr-FR\"}]}<\/script>\n<!-- \/ Yoast SEO plugin. -->","yoast_head_json":{"title":"Un nouveau responsable pour la France - Claydon Drill Seed","robots":{"index":"index","follow":"follow","max-snippet":"max-snippet:-1","max-image-preview":"max-image-preview:large","max-video-preview":"max-video-preview:-1"},"canonical":"https:\/\/claydondrill.com\/fr\/news\/un-nouveau-responsable-pour-la-france\/","og_locale":"fr_FR","og_type":"article","og_title":"Un nouveau responsable pour la France - Claydon Drill Seed","og_description":"Un nouveau responsable pour la France\u00a0\u00a0\u00a0 Claydon renforce son \u00e9quipe avec la nomination de Victor Havet comme Responsable (territory manager)","og_url":"https:\/\/claydondrill.com\/fr\/news\/un-nouveau-responsable-pour-la-france\/","og_site_name":"Claydon Drill Seed","article_modified_time":"2021-08-03T14:14:19+00:00","og_image":[{"width":1920,"height":1372,"url":"https:\/\/claydondrill.com\/wp-content\/uploads\/2021\/08\/Victor-Havet-3-4.jpg","type":"image\/jpeg"}],"twitter_card":"summary_large_image","twitter_misc":{"Dur\u00e9e de lecture estim\u00e9e":"3 minutes"},"schema":{"@context":"https:\/\/schema.org","@graph":[{"@type":"WebPage","@id":"https:\/\/claydondrill.com\/fr\/news\/un-nouveau-responsable-pour-la-france\/","url":"https:\/\/claydondrill.com\/fr\/news\/un-nouveau-responsable-pour-la-france\/","name":"Un nouveau responsable pour la France - Claydon Drill Seed","isPartOf":{"@id":"https:\/\/claydondrill.com\/fr\/#website"},"primaryImageOfPage":{"@id":"https:\/\/claydondrill.com\/fr\/news\/un-nouveau-responsable-pour-la-france\/#primaryimage"},"image":{"@id":"https:\/\/claydondrill.com\/fr\/news\/un-nouveau-responsable-pour-la-france\/#primaryimage"},"thumbnailUrl":"https:\/\/claydondrill.com\/wp-content\/uploads\/2021\/08\/Victor-Havet-3-4.jpg","datePublished":"2021-08-03T13:51:17+00:00","dateModified":"2021-08-03T14:14:19+00:00","breadcrumb":{"@id":"https:\/\/claydondrill.com\/fr\/news\/un-nouveau-responsable-pour-la-france\/#breadcrumb"},"inLanguage":"fr-FR","potentialAction":[{"@type":"ReadAction","target":["https:\/\/claydondrill.com\/fr\/news\/un-nouveau-responsable-pour-la-france\/"]}]},{"@type":"ImageObject","inLanguage":"fr-FR","@id":"https:\/\/claydondrill.com\/fr\/news\/un-nouveau-responsable-pour-la-france\/#primaryimage","url":"https:\/\/claydondrill.com\/wp-content\/uploads\/2021\/08\/Victor-Havet-3-4.jpg","contentUrl":"https:\/\/claydondrill.com\/wp-content\/uploads\/2021\/08\/Victor-Havet-3-4.jpg","width":1920,"height":1372},{"@type":"BreadcrumbList","@id":"https:\/\/claydondrill.com\/fr\/news\/un-nouveau-responsable-pour-la-france\/#breadcrumb","itemListElement":[{"@type":"ListItem","position":1,"name":"Home","item":"https:\/\/claydondrill.com\/fr\/"},{"@type":"ListItem","position":2,"name":"Actualit\u00e9s","item":"https:\/\/claydondrill.com\/fr\/actualites\/"},{"@type":"ListItem","position":3,"name":"Un nouveau responsable pour la France"}]},{"@type":"WebSite","@id":"https:\/\/claydondrill.com\/fr\/#website","url":"https:\/\/claydondrill.com\/fr\/","name":"Claydon Drill Seed","description":"","potentialAction":[{"@type":"SearchAction","target":{"@type":"EntryPoint","urlTemplate":"https:\/\/claydondrill.com\/fr\/?s={search_term_string}"},"query-input":{"@type":"PropertyValueSpecification","valueRequired":true,"valueName":"search_term_string"}}],"inLanguage":"fr-FR"}]}},"_links":{"self":[{"href":"https:\/\/claydondrill.com\/fr\/wp-json\/wp\/v2\/news\/87537","targetHints":{"allow":["GET"]}}],"collection":[{"href":"https:\/\/claydondrill.com\/fr\/wp-json\/wp\/v2\/news"}],"about":[{"href":"https:\/\/claydondrill.com\/fr\/wp-json\/wp\/v2\/types\/news"}],"wp:featuredmedia":[{"embeddable":true,"href":"https:\/\/claydondrill.com\/fr\/wp-json\/wp\/v2\/media\/87538"}],"wp:attachment":[{"href":"https:\/\/claydondrill.com\/fr\/wp-json\/wp\/v2\/media?parent=87537"}],"curies":[{"name":"wp","href":"https:\/\/api.w.org\/{rel}","templated":true}]}}